{"id":14550,"date":"2019-12-13T13:12:00","date_gmt":"2019-12-13T11:12:00","guid":{"rendered":"http:\/\/www.brnogp.cz\/?p=14550"},"modified":"2023-02-06T21:46:55","modified_gmt":"2023-02-06T20:46:55","slug":"celebratory-tecka-for-the-gp-of-historic-cars","status":"publish","type":"post","link":"https:\/\/brnogp.cz\/en\/celebratory-tecka-for-the-gp-of-historic-cars\/","title":{"rendered":"Ceremonial dot for the GP of vintage cars"},"content":{"rendered":"<div class=\"page-content page-content--single-post\">\n<p><strong>On Tuesday, December 10, 2019, the premiere year of the GRAND PRIX of historic cars concluded with a festive gala evening with the presentation of prizes and an evaluation of the first season. President&#039;s Traveling Cup <a href=\"https:\/\/www.autoklub.cz\/146806-slavnostni-tecka-za-gp-historickych-automobilu\/\" target=\"_blank\" rel=\"noopener noreferrer\">Autoclub of the Czech Republic<\/a> received by Jan Profeld, who won in absolute order.<\/strong><\/p>\n<p>The championship was created as a joint initiative of the organizers of traditional veteran businesses and the Autoklub \u010cR. Jan \u0160\u0165ov\u00ed\u010dek, president of the Autoklub \u010cR, awarded them with a commemorative plaque as a thank you for their cooperation. <em>&quot;We continued the history when the Autoklub was at its birth <a href=\"https:\/\/zbraslav-jiloviste.cz\/\" target=\"_blank\" rel=\"noopener noreferrer\">Zbraslav \u2013 J\u00edlovi\u0161t\u011b<\/a> and <a href=\"https:\/\/1000milceskoslovenskych.cz\/\" target=\"_blank\" rel=\"noopener noreferrer\">1000 Czechoslovak miles<\/a>. This first year was very successful, we started a new tradition and you have a lot of credit for that.&quot;<\/em> stated Jan \u0160\u0165ov\u00ed\u010dek, when he presented plaques to Marketa Profeldov\u00e1 and Tom\u00e1\u0161 Kalkus for Zbraslav - J\u00edlovi\u0161t\u011b, to Karl Kupko, the organizer of the Brno Revival - festival of speed between the pavilions, to Miroslav Krejs for 1000 Czechoslovak miles, to Ladislav Samohyl and Miloslav Regner for <a href=\"https:\/\/bugattigp.cz\/\" target=\"_blank\" rel=\"noopener noreferrer\">GP Zlin<\/a>.<\/p>\n<p>Barbora \u010cerno\u0161kov\u00e1 accompanied the festive gala evening. And the word of the popular TV presenter was truly sacred. She herself started in one of the championship events, leaving from the club house of the Autoklub \u010cR as co-driver of Marketa Profeldov\u00e1 for the 1000 Czechoslovak miles. In the category of women&#039;s crews, both won the Eli\u0161ka Junkov\u00e1 Cup. Prizes were also distributed in other categories, and all participants of the GRAND PRIX of historic cars who came to the gala evening received a gift - an original print of a painting by the painter Yuriy Shevchuk.<\/p>\n<p style=\"text-align: right;\"><em>Text and photo: Autoklub \u010cR<\/em><\/p>\n<p><img loading=\"lazy\" decoding=\"async\" class=\"alignnone size-full wp-image-146809\" src=\"https:\/\/www.autoklub.cz\/wp-content\/uploads\/2019\/12\/8h0a5829-1.jpg\" sizes=\"auto, (max-width: 2048px) 100vw, 2048px\" srcset=\"https:\/\/www.autoklub.cz\/wp-content\/uploads\/2019\/12\/8h0a5829-1.jpg 2048w, https:\/\/www.autoklub.cz\/wp-content\/uploads\/2019\/12\/8h0a5829-1-1024x683.jpg 1024w\" alt=\"\" width=\"2048\" height=\"1365\" \/><\/p>\n<p><img loading=\"lazy\" decoding=\"async\" class=\"alignnone size-full wp-image-146810\" src=\"https:\/\/www.autoklub.cz\/wp-content\/uploads\/2019\/12\/8h0a5816.jpg\" sizes=\"auto, (max-width: 2048px) 100vw, 2048px\" srcset=\"https:\/\/www.autoklub.cz\/wp-content\/uploads\/2019\/12\/8h0a5816.jpg 2048w, https:\/\/www.autoklub.cz\/wp-content\/uploads\/2019\/12\/8h0a5816-1024x683.jpg 1024w\" alt=\"\" width=\"2048\" height=\"1365\" \/><\/p>\n<p><em><strong>The Traveling Cup of the President of the Auto Club of the Czech Republic really has &quot;weight&quot; \ud83d\ude42 The winner Jan Profeld had to put it down before the interview with the moderator.<\/strong><\/em><\/p>\n<p><img loading=\"lazy\" decoding=\"async\" class=\"alignnone size-full wp-image-146811\" src=\"https:\/\/www.autoklub.cz\/wp-content\/uploads\/2019\/12\/8h0a5811.jpg\" sizes=\"auto, (max-width: 2048px) 100vw, 2048px\" srcset=\"https:\/\/www.autoklub.cz\/wp-content\/uploads\/2019\/12\/8h0a5811.jpg 2048w, https:\/\/www.autoklub.cz\/wp-content\/uploads\/2019\/12\/8h0a5811-1024x683.jpg 1024w\" alt=\"\" width=\"2048\" height=\"1365\" \/><\/p>\n<p><em><strong>Marketa Profeldov\u00e1 dedicated one of her prizes to V\u00e1clav Kafka, the chairman of the Veteran Car Club Prague, who renewed the Zbraslav \u2013 J\u00edlovi\u0161t\u011b tradition since 1968.<\/strong><\/em><\/p>\n<p><img loading=\"lazy\" decoding=\"async\" class=\"alignnone size-full wp-image-146813\" src=\"https:\/\/www.autoklub.cz\/wp-content\/uploads\/2019\/12\/8h0a5761.jpg\" sizes=\"auto, (max-width: 2048px) 100vw, 2048px\" srcset=\"https:\/\/www.autoklub.cz\/wp-content\/uploads\/2019\/12\/8h0a5761.jpg 2048w, https:\/\/www.autoklub.cz\/wp-content\/uploads\/2019\/12\/8h0a5761-1024x683.jpg 1024w\" alt=\"\" width=\"2048\" height=\"1365\" \/><\/p>\n<p><em><strong>Barbora \u010cerno\u0161kov\u00e1 received Eli\u0161ka Junkov\u00e1&#039;s cup from the hands of the most professional, Vladim\u00edr Junek congratulated her.<\/strong><\/em><\/p>\n<p><img loading=\"lazy\" decoding=\"async\" class=\"alignnone size-full wp-image-146814\" src=\"https:\/\/www.autoklub.cz\/wp-content\/uploads\/2019\/12\/8h0a5709.jpg\" sizes=\"auto, (max-width: 2048px) 100vw, 2048px\" srcset=\"https:\/\/www.autoklub.cz\/wp-content\/uploads\/2019\/12\/8h0a5709.jpg 2048w, https:\/\/www.autoklub.cz\/wp-content\/uploads\/2019\/12\/8h0a5709-1024x683.jpg 1024w\" alt=\"\" width=\"2048\" height=\"1365\" \/><\/p>\n<p><em><strong>Ladislav Samoh\u00fdl accepts the winning cup in the category of cars up to 1915 from Jan \u0160\u0165ov\u00ed\u010dek, president of the Autoklub \u010cR.<\/strong><\/em><\/p>\n<p><img loading=\"lazy\" decoding=\"async\" class=\"alignnone size-full wp-image-146815\" src=\"https:\/\/www.autoklub.cz\/wp-content\/uploads\/2019\/12\/8h0a5638.jpg\" sizes=\"auto, (max-width: 2048px) 100vw, 2048px\" srcset=\"https:\/\/www.autoklub.cz\/wp-content\/uploads\/2019\/12\/8h0a5638.jpg 2048w, https:\/\/www.autoklub.cz\/wp-content\/uploads\/2019\/12\/8h0a5638-1024x683.jpg 1024w\" alt=\"\" width=\"2048\" height=\"1365\" \/><\/p>\n<p><em><strong>The music of the Pilsner Jazz Band also contributed to the great atmosphere of the gala evening.<\/strong><\/em><\/p>\n<\/div>","protected":false},"excerpt":{"rendered":"<p>On Tuesday, December 10, 2019, the premiere year of the GRAND PRIX of historic cars ended with a festive gala evening with the presentation of prizes and the evaluation of\u2026<\/p>","protected":false},"author":2,"featured_media":35418,"comment_status":"closed","ping_status":"closed","sticky":false,"template":"","format":"standard","meta":{"_kad_blocks_custom_css":"","_kad_blocks_head_custom_js":"","_kad_blocks_body_custom_js":"","_kad_blocks_footer_custom_js":"","_kad_post_transparent":"","_kad_post_title":"","_kad_post_layout":"","_kad_post_sidebar_id":"","_kad_post_content_style":"","_kad_post_vertical_padding":"","_kad_post_feature":"","_kad_post_feature_position":"","_kad_post_header":false,"_kad_post_footer":false,"_kad_post_classname":"","footnotes":""},"categories":[7],"tags":[],"class_list":["post-14550","post","type-post","status-publish","format-standard","has-post-thumbnail","hentry","category-aktuality-2019"],"aioseo_notices":[],"taxonomy_info":{"category":[{"value":7,"label":"Aktuality 2019"}]},"featured_image_src_large":["https:\/\/brnogp.cz\/wp-content\/uploads\/2023\/02\/8h0a5829-1-1024x682.jpg",1024,682,true],"author_info":{"display_name":"Karel Kupka","author_link":"https:\/\/brnogp.cz\/en\/author\/rucka\/"},"comment_info":0,"category_info":[{"term_id":7,"name":"Aktuality 2019","slug":"aktuality-2019","term_group":0,"term_taxonomy_id":7,"taxonomy":"category","description":"","parent":0,"count":56,"filter":"raw","cat_ID":7,"category_count":56,"category_description":"","cat_name":"Aktuality 2019","category_nicename":"aktuality-2019","category_parent":0}],"tag_info":false,"_links":{"self":[{"href":"https:\/\/brnogp.cz\/en\/wp-json\/wp\/v2\/posts\/14550","targetHints":{"allow":["GET"]}}],"collection":[{"href":"https:\/\/brnogp.cz\/en\/wp-json\/wp\/v2\/posts"}],"about":[{"href":"https:\/\/brnogp.cz\/en\/wp-json\/wp\/v2\/types\/post"}],"author":[{"embeddable":true,"href":"https:\/\/brnogp.cz\/en\/wp-json\/wp\/v2\/users\/2"}],"replies":[{"embeddable":true,"href":"https:\/\/brnogp.cz\/en\/wp-json\/wp\/v2\/comments?post=14550"}],"version-history":[{"count":0,"href":"https:\/\/brnogp.cz\/en\/wp-json\/wp\/v2\/posts\/14550\/revisions"}],"wp:featuredmedia":[{"embeddable":true,"href":"https:\/\/brnogp.cz\/en\/wp-json\/wp\/v2\/media\/35418"}],"wp:attachment":[{"href":"https:\/\/brnogp.cz\/en\/wp-json\/wp\/v2\/media?parent=14550"}],"wp:term":[{"taxonomy":"category","embeddable":true,"href":"https:\/\/brnogp.cz\/en\/wp-json\/wp\/v2\/categories?post=14550"},{"taxonomy":"post_tag","embeddable":true,"href":"https:\/\/brnogp.cz\/en\/wp-json\/wp\/v2\/tags?post=14550"}],"curies":[{"name":"wp","href":"https:\/\/api.w.org\/{rel}","templated":true}]}}